{"id":1939,"date":"2025-06-16T09:36:00","date_gmt":"2025-06-16T09:36:00","guid":{"rendered":"https:\/\/proyectopolis.org\/?p=1939"},"modified":"2025-11-12T13:48:48","modified_gmt":"2025-11-12T13:48:48","slug":"el-consorcio-polis-se-reencuentra-en-la-serena-chile-para-seguir-construyendo-ciudades-inclusivas-e-inteligentes","status":"publish","type":"post","link":"https:\/\/proyectopolis.org\/pt\/el-consorcio-polis-se-reencuentra-en-la-serena-chile-para-seguir-construyendo-ciudades-inclusivas-e-inteligentes\/","title":{"rendered":"O Cons\u00f3rcio POLIS se re\u00fane novamente em La Serena, Chile, para continuar construindo cidades inclusivas e inteligentes."},"content":{"rendered":"\t\t<div data-elementor-type=\"wp-post\" data-elementor-id=\"1939\" class=\"elementor elementor-1939\" data-elementor-post-type=\"post\">\n\t\t\t\t\t\t<section class=\"elementor-section elementor-top-section elementor-element elementor-element-2d7d6b31 elementor-section-boxed elementor-section-height-default elementor-section-height-default\" data-id=\"2d7d6b31\" data-element_type=\"section\" data-e-type=\"section\" data-settings=\"{&quot;background_background&quot;:&quot;classic&quot;}\">\n\t\t\t\t\t\t<div class=\"elementor-container elementor-column-gap-default\">\n\t\t\t\t\t<div class=\"elementor-column elementor-col-100 elementor-top-column elementor-element elementor-element-fc59a2b\" data-id=\"fc59a2b\" data-element_type=\"column\" data-e-type=\"column\">\n\t\t\t<div class=\"elementor-widget-wrap elementor-element-populated\">\n\t\t\t\t\t\t<div class=\"elementor-element elementor-element-302bd28 elementor-widget elementor-widget-image\" data-id=\"302bd28\" data-element_type=\"widget\" data-e-type=\"widget\" data-widget_type=\"image.default\">\n\t\t\t\t<div class=\"elementor-widget-container\">\n\t\t\t\t\t\t\t\t\t\t\t\t\t\t\t<img fetchpriority=\"high\" decoding=\"async\" width=\"1024\" height=\"576\" src=\"https:\/\/proyectopolis.org\/wp-content\/uploads\/2025\/07\/La-Serena_POLIS-10-1024x576.jpeg\" class=\"attachment-large size-large wp-image-1940\" alt=\"\" srcset=\"https:\/\/proyectopolis.org\/wp-content\/uploads\/2025\/07\/La-Serena_POLIS-10-1024x576.jpeg 1024w, https:\/\/proyectopolis.org\/wp-content\/uploads\/2025\/07\/La-Serena_POLIS-10-300x169.jpeg 300w, https:\/\/proyectopolis.org\/wp-content\/uploads\/2025\/07\/La-Serena_POLIS-10-768x432.jpeg 768w, https:\/\/proyectopolis.org\/wp-content\/uploads\/2025\/07\/La-Serena_POLIS-10-1536x864.jpeg 1536w, https:\/\/proyectopolis.org\/wp-content\/uploads\/2025\/07\/La-Serena_POLIS-10-18x10.jpeg 18w, https:\/\/proyectopolis.org\/wp-content\/uploads\/2025\/07\/La-Serena_POLIS-10.jpeg 1600w\" sizes=\"(max-width: 1024px) 100vw, 1024px\" \/>\t\t\t\t\t\t\t\t\t\t\t\t\t\t\t<\/div>\n\t\t\t\t<\/div>\n\t\t\t\t<div class=\"elementor-element elementor-element-0084683 elementor-widget elementor-widget-heading\" data-id=\"0084683\" data-element_type=\"widget\" data-e-type=\"widget\" data-widget_type=\"heading.default\">\n\t\t\t\t<div class=\"elementor-widget-container\">\n\t\t\t\t\t<h1 class=\"elementor-heading-title elementor-size-default\">El Consorcio POLIS se reencuentra en La Serena, Chile<\/h1>\t\t\t\t<\/div>\n\t\t\t\t<\/div>\n\t\t\t\t<div class=\"elementor-element elementor-element-58f5d1e elementor-widget elementor-widget-text-editor\" data-id=\"58f5d1e\" data-element_type=\"widget\" data-e-type=\"widget\" data-widget_type=\"text-editor.default\">\n\t\t\t\t<div class=\"elementor-widget-container\">\n\t\t\t\t\t\t\t\t\t<article class=\"text-token-text-primary w-full focus:outline-none scroll-mt-[calc(var(--header-height)+min(200px,max(70px,20svh)))]\" dir=\"auto\" tabindex=\"-1\" data-testid=\"conversation-turn-32\" data-scroll-anchor=\"true\" data-turn=\"assistant\">\n<div class=\"text-base my-auto mx-auto pb-10 [--thread-content-margin:--spacing(4)] @[37rem]:[--thread-content-margin:--spacing(6)] @[72rem]:[--thread-content-margin:--spacing(16)] px-(--thread-content-margin)\">\n<div class=\"[--thread-content-max-width:32rem] @[34rem]:[--thread-content-max-width:40rem] @[64rem]:[--thread-content-max-width:48rem] mx-auto max-w-(--thread-content-max-width) flex-1 group\/turn-messages focus-visible:outline-hidden relative flex w-full min-w-0 flex-col agent-turn\" tabindex=\"-1\">\n<div class=\"flex max-w-full flex-col grow\">\n<div class=\"min-h-8 text-message relative flex w-full flex-col items-end gap-2 text-start break-words whitespace-normal [.text-message+&amp;]:mt-5\" dir=\"auto\" data-message-author-role=\"assistant\" data-message-id=\"e9ac85bc-7a65-4934-ba37-64b044ff71a8\" data-message-model-slug=\"gpt-4o\">\n<div class=\"flex w-full flex-col gap-1 empty:hidden first:pt-[3px]\">\n<div class=\"markdown prose dark:prose-invert w-full break-words light\">\n<p data-start=\"0\" data-end=\"287\" data-is-last-node=\"\" data-is-only-node=\"\">Del 19 al 23 de mayo, la Universidad de La Serena acogi\u00f3 la segunda reuni\u00f3n presencial del consorcio POLIS, donde se avanz\u00f3 en la sostenibilidad del proyecto y en la creaci\u00f3n del Curso de Especializaci\u00f3n, consolidando el trabajo colaborativo hacia ciudades m\u00e1s inclusivas e inteligentes.<\/p>\n<\/div>\n<\/div>\n<\/div>\n<\/div>\n<\/div>\n<\/div>\n<\/article>\t\t\t\t\t\t\t\t<\/div>\n\t\t\t\t<\/div>\n\t\t\t\t<div class=\"elementor-element elementor-element-2bd0ec69 elementor-widget__width-initial elementor-widget elementor-widget-text-editor\" data-id=\"2bd0ec69\" data-element_type=\"widget\" data-e-type=\"widget\" data-widget_type=\"text-editor.default\">\n\t\t\t\t<div class=\"elementor-widget-container\">\n\t\t\t\t\t\t\t\t\t<h6><em>junio 2025<\/em><\/h6>\n<p data-start=\"320\" data-end=\"836\">Entre los d\u00edas <strong data-start=\"335\" data-end=\"354\">19 y 23 de mayo<\/strong>, la ciudad de <strong data-start=\"369\" data-end=\"382\">La Serena<\/strong> fue escenario de la <strong data-start=\"403\" data-end=\"560\">segunda reuni\u00f3n presencial del consorcio del proyecto POLIS: Nuevos Paradigmas de Sostenibilidad para Ciudades Latinoamericanas Inclusivas e Inteligentes<\/strong>. La <strong data-start=\"565\" data-end=\"593\">Universidad de La Serena<\/strong> tuvo el rol de anfitriona, acogiendo a representantes de las universidades socias del proyecto en una semana de trabajo colaborativo, reflexi\u00f3n estrat\u00e9gica y fortalecimiento del compromiso com\u00fan con la transformaci\u00f3n urbana en Am\u00e9rica Latina.<\/p>\n<p data-start=\"890\" data-end=\"1271\">Durante el encuentro, los equipos acad\u00e9micos y t\u00e9cnicos de las instituciones participantes discutieron aspectos clave para el desarrollo y consolidaci\u00f3n del proyecto. Uno de los temas centrales fue la <strong data-start=\"1091\" data-end=\"1146\">sostenibilidad del proyecto a mediano y largo plazo<\/strong>, explorando mecanismos para garantizar la continuidad de los impactos m\u00e1s all\u00e1 de la finalizaci\u00f3n del financiamiento actual.<\/p>\n<p data-start=\"1273\" data-end=\"1675\">Tambi\u00e9n se avanz\u00f3 significativamente en la <strong data-start=\"1316\" data-end=\"1359\">definici\u00f3n del Curso de Especializaci\u00f3n<\/strong>, que se encuentra en proceso de dise\u00f1o colaborativo por parte de los docentes e investigadores actualmente en formaci\u00f3n. La reuni\u00f3n permiti\u00f3 alinear enfoques, compartir avances y establecer criterios comunes para asegurar la coherencia, pertinencia y aplicabilidad del curso en distintos contextos latinoamericanos.<\/p>\n<p data-start=\"1730\" data-end=\"2162\">M\u00e1s all\u00e1 de las sesiones de trabajo, la reuni\u00f3n fue tambi\u00e9n una oportunidad para <strong data-start=\"1811\" data-end=\"1844\">fortalecer la comunidad POLIS<\/strong>, compartir experiencias institucionales y conocer de cerca la realidad urbana y acad\u00e9mica de La Serena. La hospitalidad de la Universidad de La Serena y el intercambio presencial entre los socios contribuyeron a renovar el entusiasmo por el proyecto y a reforzar los lazos que sostienen esta iniciativa internacional.<\/p>\n<p data-start=\"2193\" data-end=\"2615\">El encuentro en La Serena marc\u00f3 un nuevo hito en el recorrido del consorcio POLIS, consolidando avances y trazando con claridad los pr\u00f3ximos pasos. Con el curso de capacitaci\u00f3n en pleno desarrollo y el Curso de Especializaci\u00f3n en etapa de dise\u00f1o, el proyecto avanza con firmeza hacia su objetivo: formar profesionales capaces de imaginar y construir ciudades m\u00e1s sostenibles, inclusivas e inteligentes para Am\u00e9rica Latina.<\/p>\t\t\t\t\t\t\t\t<\/div>\n\t\t\t\t<\/div>\n\t\t\t\t\t<\/div>\n\t\t<\/div>\n\t\t\t\t\t<\/div>\n\t\t<\/section>\n\t\t\t\t<\/div>\n\t\t","protected":false},"excerpt":{"rendered":"<p>De 19 a 23 de maio, a Universidade de La Serena sediou a segunda reuni\u00e3o presencial do cons\u00f3rcio POLIS, onde foram registrados avan\u00e7os na sustentabilidade do projeto e na cria\u00e7\u00e3o do Curso de Especializa\u00e7\u00e3o, consolidando o trabalho colaborativo rumo a cidades mais inclusivas e inteligentes.<\/p>","protected":false},"author":1,"featured_media":1940,"comment_status":"closed","ping_status":"closed","sticky":false,"template":"elementor_header_footer","format":"standard","meta":{"site-sidebar-layout":"default","site-content-layout":"","ast-site-content-layout":"default","site-content-style":"default","site-sidebar-style":"default","ast-global-header-display":"","ast-banner-title-visibility":"","ast-main-header-display":"","ast-hfb-above-header-display":"","ast-hfb-below-header-display":"","ast-hfb-mobile-header-display":"","site-post-title":"disabled","ast-breadcrumbs-content":"","ast-featured-img":"","footer-sml-layout":"","ast-disable-related-posts":"","theme-transparent-header-meta":"","adv-header-id-meta":"","stick-header-meta":"","header-above-stick-meta":"","header-main-stick-meta":"","header-below-stick-meta":"","astra-migrate-meta-layouts":"set","ast-page-background-enabled":"default","ast-page-background-meta":{"desktop":{"background-color":"","background-image":"","background-repeat":"repeat","background-position":"center center","background-size":"auto","background-attachment":"scroll","background-type":"","background-media":"","overlay-type":"","overlay-color":"","overlay-opacity":"","overlay-gradient":""},"tablet":{"background-color":"","background-image":"","background-repeat":"repeat","background-position":"center center","background-size":"auto","background-attachment":"scroll","background-type":"","background-media":"","overlay-type":"","overlay-color":"","overlay-opacity":"","overlay-gradient":""},"mobile":{"background-color":"","background-image":"","background-repeat":"repeat","background-position":"center center","background-size":"auto","background-attachment":"scroll","background-type":"","background-media":"","overlay-type":"","overlay-color":"","overlay-opacity":"","overlay-gradient":""}},"ast-content-background-meta":{"desktop":{"background-color":"var(--ast-global-color-5)","background-image":"","background-repeat":"repeat","background-position":"center center","background-size":"auto","background-attachment":"scroll","background-type":"","background-media":"","overlay-type":"","overlay-color":"","overlay-opacity":"","overlay-gradient":""},"tablet":{"background-color":"var(--ast-global-color-5)","background-image":"","background-repeat":"repeat","background-position":"center center","background-size":"auto","background-attachment":"scroll","background-type":"","background-media":"","overlay-type":"","overlay-color":"","overlay-opacity":"","overlay-gradient":""},"mobile":{"background-color":"var(--ast-global-color-5)","background-image":"","background-repeat":"repeat","background-position":"center center","background-size":"auto","background-attachment":"scroll","background-type":"","background-media":"","overlay-type":"","overlay-color":"","overlay-opacity":"","overlay-gradient":""}},"footnotes":""},"categories":[1],"tags":[],"class_list":["post-1939","post","type-post","status-publish","format-standard","has-post-thumbnail","hentry","category-general"],"_links":{"self":[{"href":"https:\/\/proyectopolis.org\/pt\/wp-json\/wp\/v2\/posts\/1939","targetHints":{"allow":["GET"]}}],"collection":[{"href":"https:\/\/proyectopolis.org\/pt\/wp-json\/wp\/v2\/posts"}],"about":[{"href":"https:\/\/proyectopolis.org\/pt\/wp-json\/wp\/v2\/types\/post"}],"author":[{"embeddable":true,"href":"https:\/\/proyectopolis.org\/pt\/wp-json\/wp\/v2\/users\/1"}],"replies":[{"embeddable":true,"href":"https:\/\/proyectopolis.org\/pt\/wp-json\/wp\/v2\/comments?post=1939"}],"version-history":[{"count":11,"href":"https:\/\/proyectopolis.org\/pt\/wp-json\/wp\/v2\/posts\/1939\/revisions"}],"predecessor-version":[{"id":2293,"href":"https:\/\/proyectopolis.org\/pt\/wp-json\/wp\/v2\/posts\/1939\/revisions\/2293"}],"wp:featuredmedia":[{"embeddable":true,"href":"https:\/\/proyectopolis.org\/pt\/wp-json\/wp\/v2\/media\/1940"}],"wp:attachment":[{"href":"https:\/\/proyectopolis.org\/pt\/wp-json\/wp\/v2\/media?parent=1939"}],"wp:term":[{"taxonomy":"category","embeddable":true,"href":"https:\/\/proyectopolis.org\/pt\/wp-json\/wp\/v2\/categories?post=1939"},{"taxonomy":"post_tag","embeddable":true,"href":"https:\/\/proyectopolis.org\/pt\/wp-json\/wp\/v2\/tags?post=1939"}],"curies":[{"name":"wp","href":"https:\/\/api.w.org\/{rel}","templated":true}]}}